{"id":7133,"date":"2025-06-10T06:50:58","date_gmt":"2025-06-10T06:50:58","guid":{"rendered":"https:\/\/biobilbao.bilbao.eus\/?p=7133"},"modified":"2025-06-10T06:51:09","modified_gmt":"2025-06-10T06:51:09","slug":"%f0%9f%8c%8a-8-de-junio-dia-mundial-de-los-oceanos","status":"publish","type":"post","link":"https:\/\/biobilbao.bilbao.eus\/eu\/%f0%9f%8c%8a-8-de-junio-dia-mundial-de-los-oceanos\/","title":{"rendered":"&#x1f30a; 8 de junio \u2013 D\u00eda Mundial de los Oc\u00e9anos"},"content":{"rendered":"<p><strong>Proteger los oc\u00e9anos es proteger la vida<\/strong><\/p>\n<p>Cubren m\u00e1s del 70\u202f% de la superficie terrestre, regulan el clima, tambi\u00e9n son responsables de generar el 50\u201370\u202f% del ox\u00edgeno que respiramos, mucho m\u00e1s que los bosques tropicales y albergan una biodiversidad asombrosa. Sin embargo, los oc\u00e9anos est\u00e1n bajo amenaza: la contaminaci\u00f3n pl\u00e1stica, la acidificaci\u00f3n, el calentamiento global, la sobrepesca y la destrucci\u00f3n de h\u00e1bitats costeros est\u00e1n deteriorando este sistema vital.<\/p>\n<p><strong>Dato alarmante:<\/strong> Se estima que hay m\u00e1s de 170 billones de part\u00edculas de pl\u00e1stico flotando en los oc\u00e9anos. Cada minuto, el equivalente a un cami\u00f3n de basura en pl\u00e1stico llega al mar.<\/p>\n<p>A nivel ciudadano, todos podemos contribuir a proteger los mares: reduciendo nuestro consumo de pl\u00e1sticos de un solo uso, eligiendo productos del mar sostenibles, evitando verter residuos al alcantarillado y participando en limpiezas de playas o campa\u00f1as de sensibilizaci\u00f3n.<\/p>\n<p>Este 8 de junio, la ONU nos recuerda que sin oc\u00e9anos sanos, no hay vida. Y que cuidar del mar comienza tambi\u00e9n en tierra firme, con nuestras decisiones diarias.<strong> El oc\u00e9ano nos da vida. Devolv\u00e1mosle cuidado, respeto y protecci\u00f3n. Porque lo que le ocurra al mar, nos ocurre a todos.<\/strong><\/p>\n","protected":false},"excerpt":{"rendered":"<p>Proteger los oc\u00e9anos es proteger la vida Cubren m\u00e1s del 70\u202f% de la superficie terrestre, regulan el clima, tambi\u00e9n son responsables de generar el 50\u201370\u202f% del ox\u00edgeno que respiramos, mucho m\u00e1s que los bosques tropicales y albergan una biodiversidad asombrosa. Sin embargo, los oc\u00e9anos est\u00e1n bajo amenaza: la contaminaci\u00f3n pl\u00e1stica, la acidificaci\u00f3n, el calentamiento global, [&hellip;]<\/p>\n","protected":false},"author":3,"featured_media":7136,"comment_status":"closed","ping_status":"closed","sticky":false,"template":"","format":"standard","meta":{"footnotes":""},"categories":[3],"tags":[],"_links":{"self":[{"href":"https:\/\/biobilbao.bilbao.eus\/eu\/wp-json\/wp\/v2\/posts\/7133"}],"collection":[{"href":"https:\/\/biobilbao.bilbao.eus\/eu\/wp-json\/wp\/v2\/posts"}],"about":[{"href":"https:\/\/biobilbao.bilbao.eus\/eu\/wp-json\/wp\/v2\/types\/post"}],"author":[{"embeddable":true,"href":"https:\/\/biobilbao.bilbao.eus\/eu\/wp-json\/wp\/v2\/users\/3"}],"replies":[{"embeddable":true,"href":"https:\/\/biobilbao.bilbao.eus\/eu\/wp-json\/wp\/v2\/comments?post=7133"}],"version-history":[{"count":1,"href":"https:\/\/biobilbao.bilbao.eus\/eu\/wp-json\/wp\/v2\/posts\/7133\/revisions"}],"predecessor-version":[{"id":7138,"href":"https:\/\/biobilbao.bilbao.eus\/eu\/wp-json\/wp\/v2\/posts\/7133\/revisions\/7138"}],"wp:featuredmedia":[{"embeddable":true,"href":"https:\/\/biobilbao.bilbao.eus\/eu\/wp-json\/wp\/v2\/media\/7136"}],"wp:attachment":[{"href":"https:\/\/biobilbao.bilbao.eus\/eu\/wp-json\/wp\/v2\/media?parent=7133"}],"wp:term":[{"taxonomy":"category","embeddable":true,"href":"https:\/\/biobilbao.bilbao.eus\/eu\/wp-json\/wp\/v2\/categories?post=7133"},{"taxonomy":"post_tag","embeddable":true,"href":"https:\/\/biobilbao.bilbao.eus\/eu\/wp-json\/wp\/v2\/tags?post=7133"}],"curies":[{"name":"wp","href":"https:\/\/api.w.org\/{rel}","templated":true}]}}