{"id":4229,"date":"2022-06-03T08:03:14","date_gmt":"2022-06-03T08:03:14","guid":{"rendered":"https:\/\/biobilbao.bilbao.eus\/?p=4229"},"modified":"2023-11-13T09:40:41","modified_gmt":"2023-11-13T09:40:41","slug":"bilboko-55-ikastetxek-eskola-agenda-2030en-udal-foroaren-16-edizioa-egin-dute","status":"publish","type":"post","link":"https:\/\/biobilbao.bilbao.eus\/eu\/bilboko-55-ikastetxek-eskola-agenda-2030en-udal-foroaren-16-edizioa-egin-dute\/","title":{"rendered":"Bilboko 55 ikastetxek Eskola Agenda 2030en Udal Foroaren 16. edizioa egin dute"},"content":{"rendered":"<p><strong>Bilboko Udalak Eskola Agenda 2030en Udal Foroaren 16. edizioa<\/strong> egin zuen atzo, udaletxean. Udal ordezkariak eta Bilboko 55 ikastetxetako irakasle eta ikasleak izan ziren bertan, Bilboko eta bere inguruneko jasangarritasuna hobetzen laguntzeko.<\/p>\n<p><strong>Yolanda Diez<\/strong> alkateordeak zuzendutako osoko bilkuran, Jesus Mar\u00eda, Ibarrekolanda BHI, Aldamiz, Fundaci\u00f3n Pe\u00f1ascal, Berriotxoa eta Jesuitinas Bilbao ikastetxeetako bozeramaileek 2021-2022 ikasturtean zehar egindako lana azaldu dute. Aurten, <strong>Garapen Jasangarriko 11. Helburua, \u00abhiri eta herri jasangarriak\u00bb, landu dute, Bilboko uriari aplikatuta.<\/strong><\/p>\n<p>Gainera, <strong>\u00c1lvaro P\u00e9rez<\/strong> Mugikortasun eta Jasangarritasun Saileko zinegotzi ordezkari ondokoak galdera bat erantzun du, urian bizikletaren erabilera sustatzeko abian jarritako udal politikei buruz.<\/p>\n<p>Amaitu eta gero, parte-hartzaile guztiak Arabiar Aretoan bildu dira, Otxarkoaga Prestakuntza Zentroko <strong>\u00abPercusi\u00f3n Konfussion\u00bb <\/strong>taldearen musika-emanaldiaz gozatzeko. Ikastetxeek egindako lanetako batzuk ere ikusi ahal izan dituzte. Adibidez: eskola-ortu bat, edo material birziklatuekin egindako jantzi bat.<\/p>\n<p>Bilboko Udalak Eusko Jaurlaritzarekin batera lan egiten du <strong>Ingurugela-Bilbaoren<\/strong> bitartez, Eskola Agenda 2030 dinamizatzeko, helburu hauekin:<\/p>\n<ul>\n<li>XXI. mendeko pertsona arduratsu eta konprometituak prestatzea.<\/li>\n<li>Ikastetxearen eta eskola-ingurunearen ingurumen-hobekuntzan laguntzea.<\/li>\n<li>Hezkuntzaren berrikuntza eta kalitatea bultzatzea.<\/li>\n<li>Hezkuntza-komunitateak (ikastetxeetako ikasleak, irakasleak, familiak eta irakasleak ez diren langileak) udal kudeaketan parte hartzea sustatzea.<\/li>\n<\/ul>\n<p>Programa horrek Eusko Jaurlaritzako Ekonomiaren Garapen, Jasangarritasun eta Ingurumen Sailaren babesa dauka.<\/p>\n<p>Eskola Agenda 21eko osoko bilkura 2004-2005 ikasturtean egin zen lehen aldiz Bilboko Udalean. Orduz geroztik, hitzordu finkoa da, Ingurumenaren Mundu Egunaren inguruan antolatzen dena (ekainaren 5ean, domeka, ospatuko da).<\/p>\n<p><img loading=\"lazy\" decoding=\"async\" class=\"aligncenter size-large wp-image-4225\" src=\"https:\/\/biobilbao.bilbao.eus\/wp-content\/uploads\/2022\/06\/Foro-Municipal3-1024x684.jpg\" alt=\"\" width=\"1024\" height=\"684\" srcset=\"https:\/\/biobilbao.bilbao.eus\/wp-content\/uploads\/2022\/06\/Foro-Municipal3-1024x684.jpg 1024w, https:\/\/biobilbao.bilbao.eus\/wp-content\/uploads\/2022\/06\/Foro-Municipal3-300x200.jpg 300w, https:\/\/biobilbao.bilbao.eus\/wp-content\/uploads\/2022\/06\/Foro-Municipal3-768x513.jpg 768w, https:\/\/biobilbao.bilbao.eus\/wp-content\/uploads\/2022\/06\/Foro-Municipal3-1536x1025.jpg 1536w, https:\/\/biobilbao.bilbao.eus\/wp-content\/uploads\/2022\/06\/Foro-Municipal3-2048x1367.jpg 2048w, https:\/\/biobilbao.bilbao.eus\/wp-content\/uploads\/2022\/06\/Foro-Municipal3-1200x801.jpg 1200w\" sizes=\"(max-width: 709px) 85vw, (max-width: 909px) 67vw, (max-width: 1362px) 62vw, 840px\" \/><\/p>\n<p><img loading=\"lazy\" decoding=\"async\" class=\"aligncenter size-large wp-image-4223\" src=\"https:\/\/biobilbao.bilbao.eus\/wp-content\/uploads\/2022\/06\/Foro-Municipal2-1024x684.jpg\" alt=\"\" width=\"1024\" height=\"684\" srcset=\"https:\/\/biobilbao.bilbao.eus\/wp-content\/uploads\/2022\/06\/Foro-Municipal2-1024x684.jpg 1024w, https:\/\/biobilbao.bilbao.eus\/wp-content\/uploads\/2022\/06\/Foro-Municipal2-300x200.jpg 300w, https:\/\/biobilbao.bilbao.eus\/wp-content\/uploads\/2022\/06\/Foro-Municipal2-768x513.jpg 768w, https:\/\/biobilbao.bilbao.eus\/wp-content\/uploads\/2022\/06\/Foro-Municipal2-1536x1025.jpg 1536w, https:\/\/biobilbao.bilbao.eus\/wp-content\/uploads\/2022\/06\/Foro-Municipal2-2048x1367.jpg 2048w, https:\/\/biobilbao.bilbao.eus\/wp-content\/uploads\/2022\/06\/Foro-Municipal2-1200x801.jpg 1200w\" sizes=\"(max-width: 709px) 85vw, (max-width: 909px) 67vw, (max-width: 1362px) 62vw, 840px\" \/><\/p>\n<p><img loading=\"lazy\" decoding=\"async\" class=\"aligncenter size-large wp-image-4221\" src=\"https:\/\/biobilbao.bilbao.eus\/wp-content\/uploads\/2022\/06\/Foro-Municipal-1024x512.jpg\" alt=\"\" width=\"1024\" height=\"512\" srcset=\"https:\/\/biobilbao.bilbao.eus\/wp-content\/uploads\/2022\/06\/Foro-Municipal-1024x512.jpg 1024w, https:\/\/biobilbao.bilbao.eus\/wp-content\/uploads\/2022\/06\/Foro-Municipal-300x150.jpg 300w, https:\/\/biobilbao.bilbao.eus\/wp-content\/uploads\/2022\/06\/Foro-Municipal-768x384.jpg 768w, https:\/\/biobilbao.bilbao.eus\/wp-content\/uploads\/2022\/06\/Foro-Municipal-1536x768.jpg 1536w, https:\/\/biobilbao.bilbao.eus\/wp-content\/uploads\/2022\/06\/Foro-Municipal-2048x1024.jpg 2048w, https:\/\/biobilbao.bilbao.eus\/wp-content\/uploads\/2022\/06\/Foro-Municipal-1200x600.jpg 1200w\" sizes=\"(max-width: 709px) 85vw, (max-width: 909px) 67vw, (max-width: 1362px) 62vw, 840px\" \/><\/p>\n","protected":false},"excerpt":{"rendered":"<p>Bilboko Udalak Eskola Agenda 2030en Udal Foroaren 16. edizioa egin zuen atzo, udaletxean. Udal ordezkariak eta Bilboko 55 ikastetxetako irakasle eta ikasleak izan ziren bertan, Bilboko eta bere inguruneko jasangarritasuna hobetzen laguntzeko. Yolanda Diez alkateordeak zuzendutako osoko bilkuran, Jesus Mar\u00eda, Ibarrekolanda BHI, Aldamiz, Fundaci\u00f3n Pe\u00f1ascal, Berriotxoa eta Jesuitinas Bilbao ikastetxeetako bozeramaileek 2021-2022 ikasturtean zehar egindako [&hellip;]<\/p>\n","protected":false},"author":3,"featured_media":0,"comment_status":"closed","ping_status":"closed","sticky":false,"template":"","format":"standard","meta":{"footnotes":""},"categories":[3],"tags":[],"_links":{"self":[{"href":"https:\/\/biobilbao.bilbao.eus\/eu\/wp-json\/wp\/v2\/posts\/4229"}],"collection":[{"href":"https:\/\/biobilbao.bilbao.eus\/eu\/wp-json\/wp\/v2\/posts"}],"about":[{"href":"https:\/\/biobilbao.bilbao.eus\/eu\/wp-json\/wp\/v2\/types\/post"}],"author":[{"embeddable":true,"href":"https:\/\/biobilbao.bilbao.eus\/eu\/wp-json\/wp\/v2\/users\/3"}],"replies":[{"embeddable":true,"href":"https:\/\/biobilbao.bilbao.eus\/eu\/wp-json\/wp\/v2\/comments?post=4229"}],"version-history":[{"count":3,"href":"https:\/\/biobilbao.bilbao.eus\/eu\/wp-json\/wp\/v2\/posts\/4229\/revisions"}],"predecessor-version":[{"id":4233,"href":"https:\/\/biobilbao.bilbao.eus\/eu\/wp-json\/wp\/v2\/posts\/4229\/revisions\/4233"}],"wp:attachment":[{"href":"https:\/\/biobilbao.bilbao.eus\/eu\/wp-json\/wp\/v2\/media?parent=4229"}],"wp:term":[{"taxonomy":"category","embeddable":true,"href":"https:\/\/biobilbao.bilbao.eus\/eu\/wp-json\/wp\/v2\/categories?post=4229"},{"taxonomy":"post_tag","embeddable":true,"href":"https:\/\/biobilbao.bilbao.eus\/eu\/wp-json\/wp\/v2\/tags?post=4229"}],"curies":[{"name":"wp","href":"https:\/\/api.w.org\/{rel}","templated":true}]}}