{"id":3117,"date":"2021-03-05T09:40:15","date_gmt":"2021-03-05T09:40:15","guid":{"rendered":"https:\/\/biobilbao.bilbao.eus\/?p=3117"},"modified":"2023-11-13T09:40:46","modified_gmt":"2023-11-13T09:40:46","slug":"5-de-marzo-dia-mundial-de-la-eficiencia-energetica","status":"publish","type":"post","link":"https:\/\/biobilbao.bilbao.eus\/eu\/5-de-marzo-dia-mundial-de-la-eficiencia-energetica\/","title":{"rendered":"5 de marzo D\u00eda Mundial de la Eficiencia Energ\u00e9tica"},"content":{"rendered":"<p>Gracias al Plan de Acci\u00f3n para la Energ\u00eda Sostenible Bilbao 2020 se ha \u00a0mejorado la eficiencia energ\u00e9tica de la ciudad, entre otras actuaciones, mediante la optimizaci\u00f3n del alumbrado p\u00fablico y de la se\u00f1alizaci\u00f3n, as\u00ed como mejoras energ\u00e9ticas en los polideportivos municipales. Con estas acciones hemos evitado la emisi\u00f3n a la atm\u00f3sfera de 7.915 toneladas de CO2.<\/p>\n<p><a href=\"https:\/\/biobilbao.bilbao.eus\/eu\/5-de-marzo-dia-mundial-de-la-eficiencia-energetica\/dia-eficiencia-energetica\/\" rel=\"attachment wp-att-3119\"><img loading=\"lazy\" decoding=\"async\" class=\"size-full wp-image-3119 aligncenter\" src=\"https:\/\/biobilbao.bilbao.eus\/wp-content\/uploads\/2021\/03\/dia-eficiencia-energetica.jpg\" alt=\"\" width=\"173\" height=\"259\" \/><\/a><\/p>\n","protected":false},"excerpt":{"rendered":"<p>Gracias al Plan de Acci\u00f3n para la Energ\u00eda Sostenible Bilbao 2020 se ha \u00a0mejorado la eficiencia energ\u00e9tica de la ciudad, entre otras actuaciones, mediante la optimizaci\u00f3n del alumbrado p\u00fablico y de la se\u00f1alizaci\u00f3n, as\u00ed como mejoras energ\u00e9ticas en los polideportivos municipales. Con estas acciones hemos evitado la emisi\u00f3n a la atm\u00f3sfera de 7.915 toneladas de [&hellip;]<\/p>\n","protected":false},"author":3,"featured_media":0,"comment_status":"closed","ping_status":"open","sticky":false,"template":"","format":"standard","meta":{"footnotes":""},"categories":[3],"tags":[],"_links":{"self":[{"href":"https:\/\/biobilbao.bilbao.eus\/eu\/wp-json\/wp\/v2\/posts\/3117"}],"collection":[{"href":"https:\/\/biobilbao.bilbao.eus\/eu\/wp-json\/wp\/v2\/posts"}],"about":[{"href":"https:\/\/biobilbao.bilbao.eus\/eu\/wp-json\/wp\/v2\/types\/post"}],"author":[{"embeddable":true,"href":"https:\/\/biobilbao.bilbao.eus\/eu\/wp-json\/wp\/v2\/users\/3"}],"replies":[{"embeddable":true,"href":"https:\/\/biobilbao.bilbao.eus\/eu\/wp-json\/wp\/v2\/comments?post=3117"}],"version-history":[{"count":3,"href":"https:\/\/biobilbao.bilbao.eus\/eu\/wp-json\/wp\/v2\/posts\/3117\/revisions"}],"predecessor-version":[{"id":3123,"href":"https:\/\/biobilbao.bilbao.eus\/eu\/wp-json\/wp\/v2\/posts\/3117\/revisions\/3123"}],"wp:attachment":[{"href":"https:\/\/biobilbao.bilbao.eus\/eu\/wp-json\/wp\/v2\/media?parent=3117"}],"wp:term":[{"taxonomy":"category","embeddable":true,"href":"https:\/\/biobilbao.bilbao.eus\/eu\/wp-json\/wp\/v2\/categories?post=3117"},{"taxonomy":"post_tag","embeddable":true,"href":"https:\/\/biobilbao.bilbao.eus\/eu\/wp-json\/wp\/v2\/tags?post=3117"}],"curies":[{"name":"wp","href":"https:\/\/api.w.org\/{rel}","templated":true}]}}