{"id":2575,"date":"2020-05-27T09:42:22","date_gmt":"2020-05-27T09:42:22","guid":{"rendered":"https:\/\/biobilbao.bilbao.eus\/?p=2575"},"modified":"2023-11-13T09:40:48","modified_gmt":"2023-11-13T09:40:48","slug":"artxondoko-harrobiko-biodibertsitatea-berreskuratzea-2","status":"publish","type":"post","link":"https:\/\/biobilbao.bilbao.eus\/eu\/artxondoko-harrobiko-biodibertsitatea-berreskuratzea-2\/","title":{"rendered":"Recuperaci\u00f3n de la biodiversidad en la cantera de Artxondoko"},"content":{"rendered":"\n<p><strong>Recuperaci\u00f3n de la biodiversidad en la Cantera de Artxondoko<\/strong><\/p>\n\n\n\n<p><strong>Resultados de las Ayudas del Departamento de Medio Ambiente, Planificaci\u00f3n Territorial y Vivienda del Gobierno Vasco a la Promoci\u00f3n de Desarrollo Sostenible (Convocatoria 2018).<\/strong><\/p>\n\n\n\n<p><br>La cantera de Artxondoko, situada en el barrio de Buia de Bilbao y en el centro del valle del Bolintxu, ces\u00f3 su actividad de explotaci\u00f3n en 1975. La cantera y su entorno, fueron abandonados hasta retomar la actividad como espacio de rellenos de inertes en los \u00faltimos a\u00f1os.<\/p>\n\n\n\n<p><br>Desde el Ayuntamiento de Bilbao y de la Sub\u00e1rea de Medioambiente, se vio la oportunidad de actuar y ayudar a la recuperaci\u00f3n de la zona. Esta idea se ha podido realizar gracias al impulso que ha ofrecido el Gobierno Vasco, mediante el patrocinio del Departamento de Medio Ambiente, Planificaci\u00f3n Territorial y Vivienda del Gobierno Vasco a trav\u00e9s de la convocatoria de ayudas a la promoci\u00f3n de desarrollo sostenible (L\u00ednea Patrimonio Natural y Biodiversidad convocatoria 2018 ). Esta idea tambi\u00e9n apoya al plan de fomentar el anillo verde de Bilbao, con zonas naturalizadas y corredores ecol\u00f3gicos, para que la ciudad integre y contemple la vida que le rodea como parte de la villa.<\/p>\n\n\n\n<p><br>Gracias a esta subvenci\u00f3n, el Ayuntamiento de Bilbao ha llevado a cabo diferentes labores de restauraci\u00f3n. La primera fase, consisti\u00f3 en la construcci\u00f3n de charcas para anfibios y reproducci\u00f3n de organismos acu\u00e1ticos. Con ayuda de la Sociedad de Ciencias Aranzadi, se han construido tres charcas; una de ellas natural y las otras dos artificiales, con el objetivo de fomentar la biodiversidad y la resiliencia de los anfibios locales. Los anfibios son el grupo que se ve m\u00e1s afectado por las alteraciones del medio. Debido a su fino tegumento y a la poca impermeabilidad que tienen, son muy sensibles hacia los productos contaminantes ya que penetran muy f\u00e1cilmente en su piel, causando as\u00ed, complicaciones en sus organismos y su consecuente regresi\u00f3n en las poblaciones. Adem\u00e1s, debido al calentamiento global y los periodos m\u00e1s largos de sequ\u00eda, los anfibios ven secarse las charcas que habitan, sin poder migrar a otras mayores donde el agua permanece, complicando as\u00ed su dispersi\u00f3n y reproducci\u00f3n (ya que no hay que olvidar que la primera fase de la vida de los anfibios se da en el agua).<\/p>\n\n\n\n<p><br>A d\u00eda de hoy, y m\u00e1s de un a\u00f1o despu\u00e9s de que se crearan dichas charcas, se ha visto un gran crecimiento de anuros (ranas y sapos) y tritones en el entorno. Es f\u00e1cil ver como las ranas saltan a las charcas cuando uno se acerca para verlas. Esto no es solo beneficioso para este grupo de animales, sino para odonatos (lib\u00e9lulas y caballitos del diablo), especies de artr\u00f3podos de estanques, como los denominados zapateros y distintas especies de aves y depredadores que se acercan a beber o buscar alimento en las especies que habitan estas charcas. En resumen, se ha comprobado f\u00e1cilmente la efectividad de las actuaciones debido al aumento de la biodiversidad local en un periodo temporal tan reducido. Adem\u00e1s esto no solo beneficia a las otras especies animales, sino tambi\u00e9n al ser humano, con el control de plagas, especialmente las plagas de insectos (mosquitos) que surgen en primavera y verano debido al incremento de temperaturas y que sirven de alimento para muchas de las especies de anfibio.<\/p>\n\n\n\n<p><br>Pero las labores de restauraci\u00f3n del entorno no se han limitado a la construcci\u00f3n de estas dos charcas. Otra de las grandes actuaciones que se ha llevado a cabo, ha sido, la eliminaci\u00f3n de las especies vegetales invasoras Cortaderia selloana y Buddleja davidii. El objetivo de esta actuaci\u00f3n no ha sido \u00fanicamente el de erradicar dichas especies, ya que su eliminaci\u00f3n no asegura que no ocurra un rebrote, sino que para compensar los espacios y competir contra estas especies invasoras, se han plantado especies arb\u00f3reas aut\u00f3ctonas, como roble, fresno o madro\u00f1o, que pueden servir de refugio y alimento para las especies animales locales. Al fomentar el crecimiento de estas especies aut\u00f3ctonas, se limita el espacio de dispersi\u00f3n de las especies no deseadas, de manera que su crecimiento se ve reducido a peque\u00f1as \u00e1reas en las cuales es m\u00e1s f\u00e1cil actuar para poder erradicarlas por completo.<\/p>\n\n\n\n<p><br>Como ya se ha mencionado, los resultados son observables simplemente con acercarse a la zona de intervenci\u00f3n, la mejor\u00eda de la biodiversidad ha sido muy notable y a d\u00eda de hoy es un peque\u00f1o refugio faun\u00edstico y floral de las especies aut\u00f3ctonas del entorno.<br>Desde la Sub\u00e1rea de Medioambiente estamos muy satisfechos con los resultados obtenidos a ra\u00edz de las ayudas ofrecidas por el Gobierno Vasco. Es por ello, que el plan es continuar mejorado este precioso entorno lleno de vida, promoviendo as\u00ed el anillo verde de Bilbao y creando caminos verdes y corredores ecol\u00f3gicos que faciliten el movimiento de especies por dentro y fuera de la villa. Porque no debemos olvidar que formamos parte de esta naturaleza que nos rodea y es nuestro deber como ciudadanos y ciudadanas preservar el entorno local tan fant\u00e1stico que tenemos.<\/p>\n\n\n\n<figure class=\"wp-block-image size-large\"><img loading=\"lazy\" decoding=\"async\" width=\"1024\" height=\"768\" src=\"https:\/\/biobilbao.bilbao.eus\/wp-content\/uploads\/2020\/05\/IMG_20191203_121100-1-1024x768.jpg\" alt=\"\" class=\"wp-image-2581\" srcset=\"https:\/\/biobilbao.bilbao.eus\/wp-content\/uploads\/2020\/05\/IMG_20191203_121100-1-1024x768.jpg 1024w, https:\/\/biobilbao.bilbao.eus\/wp-content\/uploads\/2020\/05\/IMG_20191203_121100-1-300x225.jpg 300w, https:\/\/biobilbao.bilbao.eus\/wp-content\/uploads\/2020\/05\/IMG_20191203_121100-1-768x576.jpg 768w, https:\/\/biobilbao.bilbao.eus\/wp-content\/uploads\/2020\/05\/IMG_20191203_121100-1-1536x1152.jpg 1536w, https:\/\/biobilbao.bilbao.eus\/wp-content\/uploads\/2020\/05\/IMG_20191203_121100-1-2048x1536.jpg 2048w, https:\/\/biobilbao.bilbao.eus\/wp-content\/uploads\/2020\/05\/IMG_20191203_121100-1-1200x900.jpg 1200w\" sizes=\"(max-width: 709px) 85vw, (max-width: 909px) 67vw, (max-width: 1362px) 62vw, 840px\" \/><\/figure>\n\n\n\n<p>La especie invasora Cortaderia selloana. En el fondo el deposito abandonado que utilizaba la cantera y parte de las charcas para anfibios creadas por Aranzadi.<\/p>\n\n\n\n<figure class=\"wp-block-image size-large\"><img loading=\"lazy\" decoding=\"async\" width=\"1024\" height=\"768\" src=\"https:\/\/biobilbao.bilbao.eus\/wp-content\/uploads\/2020\/05\/IMG_20191219_112910-1024x768.jpg\" alt=\"\" class=\"wp-image-2579\" srcset=\"https:\/\/biobilbao.bilbao.eus\/wp-content\/uploads\/2020\/05\/IMG_20191219_112910-1024x768.jpg 1024w, https:\/\/biobilbao.bilbao.eus\/wp-content\/uploads\/2020\/05\/IMG_20191219_112910-300x225.jpg 300w, https:\/\/biobilbao.bilbao.eus\/wp-content\/uploads\/2020\/05\/IMG_20191219_112910-768x576.jpg 768w, https:\/\/biobilbao.bilbao.eus\/wp-content\/uploads\/2020\/05\/IMG_20191219_112910-1536x1152.jpg 1536w, https:\/\/biobilbao.bilbao.eus\/wp-content\/uploads\/2020\/05\/IMG_20191219_112910-2048x1536.jpg 2048w, https:\/\/biobilbao.bilbao.eus\/wp-content\/uploads\/2020\/05\/IMG_20191219_112910-1200x900.jpg 1200w\" sizes=\"(max-width: 709px) 85vw, (max-width: 909px) 67vw, (max-width: 1362px) 62vw, 840px\" \/><\/figure>\n\n\n\n<p>Las charcas para anfibios y la cantera de Artxondoko de fondo<\/p>\n\n\n\n<p><\/p>\n\n\n\n<p><\/p>\n","protected":false},"excerpt":{"rendered":"<p>Recuperaci\u00f3n de la biodiversidad en la Cantera de Artxondoko Resultados de las Ayudas del Departamento de Medio Ambiente, Planificaci\u00f3n Territorial y Vivienda del Gobierno Vasco a la Promoci\u00f3n de Desarrollo Sostenible (Convocatoria 2018). La cantera de Artxondoko, situada en el barrio de Buia de Bilbao y en el centro del valle del Bolintxu, ces\u00f3 su [&hellip;]<\/p>\n","protected":false},"author":3,"featured_media":0,"comment_status":"closed","ping_status":"open","sticky":false,"template":"","format":"standard","meta":{"footnotes":""},"categories":[],"tags":[],"_links":{"self":[{"href":"https:\/\/biobilbao.bilbao.eus\/eu\/wp-json\/wp\/v2\/posts\/2575"}],"collection":[{"href":"https:\/\/biobilbao.bilbao.eus\/eu\/wp-json\/wp\/v2\/posts"}],"about":[{"href":"https:\/\/biobilbao.bilbao.eus\/eu\/wp-json\/wp\/v2\/types\/post"}],"author":[{"embeddable":true,"href":"https:\/\/biobilbao.bilbao.eus\/eu\/wp-json\/wp\/v2\/users\/3"}],"replies":[{"embeddable":true,"href":"https:\/\/biobilbao.bilbao.eus\/eu\/wp-json\/wp\/v2\/comments?post=2575"}],"version-history":[{"count":3,"href":"https:\/\/biobilbao.bilbao.eus\/eu\/wp-json\/wp\/v2\/posts\/2575\/revisions"}],"predecessor-version":[{"id":2592,"href":"https:\/\/biobilbao.bilbao.eus\/eu\/wp-json\/wp\/v2\/posts\/2575\/revisions\/2592"}],"wp:attachment":[{"href":"https:\/\/biobilbao.bilbao.eus\/eu\/wp-json\/wp\/v2\/media?parent=2575"}],"wp:term":[{"taxonomy":"category","embeddable":true,"href":"https:\/\/biobilbao.bilbao.eus\/eu\/wp-json\/wp\/v2\/categories?post=2575"},{"taxonomy":"post_tag","embeddable":true,"href":"https:\/\/biobilbao.bilbao.eus\/eu\/wp-json\/wp\/v2\/tags?post=2575"}],"curies":[{"name":"wp","href":"https:\/\/api.w.org\/{rel}","templated":true}]}}